{"id":45128,"date":"2026-09-03T10:05:04","date_gmt":"2026-09-03T14:05:04","guid":{"rendered":"https:\/\/www.realtorscare.ca\/?p=45128"},"modified":"2026-09-03T16:15:21","modified_gmt":"2026-09-03T20:15:21","slug":"sous-les-projecteurs-de-realtors-care-erik-hamon-donne-a-ses-voisins-montrealais-les-moyens-dagir","status":"publish","type":"post","link":"https:\/\/www.realtorscare.ca\/fr\/quebec\/sous-les-projecteurs-de-realtors-care-erik-hamon-donne-a-ses-voisins-montrealais-les-moyens-dagir\/","title":{"rendered":"Sous les projecteurs de REALTORS Care\u00ae\u00a0: Erik\u00a0Hamon donne \u00e0 ses voisins montr\u00e9alais les moyens d\u2019agir"},"content":{"rendered":"\n<p class=\"wp-block-paragraph\">Lorsqu\u2019ils entendent frapper \u00e0 la porte de leur appartement, les r\u00e9sidents ne s\u2019attendent pas \u00e0 voir un inconnu leur proposer une aide gratuite sur toutes sortes de sujets, qu\u2019il s\u2019agisse d\u2019augmentations de loyer, de conditions de vie insalubres ou encore de services publics. Mais c\u2019est exactement de cette fa\u00e7on que les b\u00e9n\u00e9voles du Projet Gen\u00e8se, comme <a href=\"https:\/\/www.realtor.ca\/courtier-immobilier\/1747948\/erik-hamon-5800-monkland-montreal-quebec-h4a1g1\" target=\"_blank\" rel=\"noreferrer noopener\">Erik&nbsp;Hamon<\/a>, vont \u00e0 la rencontre des habitants du quartier C\u00f4te-des-Neiges \u00e0 Montr\u00e9al pour leur offrir du soutien.<\/p>\n\n\n\n<p class=\"wp-block-paragraph\">M.&nbsp;Hamon est courtier immobilier au <a href=\"https:\/\/www.suttonquebec.com\/fr\/agence-immobiliere\/259-groupe-sutton-centre-ouest-inc.html\" target=\"_blank\" rel=\"noreferrer noopener\">Groupe Sutton&nbsp;\u2013&nbsp;Centre-Ouest Inc<\/a>. et estime que l\u2019acc\u00e8s aux bonnes informations donne aux gens les moyens d\u2019agir. Depuis plus de dix&nbsp;ans, il \u00e9coute, fournit de l\u2019information et oriente les habitants vers des ressources d\u2019aide.<\/p>\n\n\n\n<pre class=\"wp-block-code\"><code>&lt;iframe width=\"100%\" height=\"485\" src=\"https:\/\/www.youtube.com\/embed\/3to7ss7i5p0?si=py3sdugSaobAfhE-\" title=\"YouTube video player\" frameborder=\"0\" allow=\"accelerometer; autoplay; clipboard-write; encrypted-media; gyroscope; picture-in-picture; web-share\" referrerpolicy=\"strict-origin-when-cross-origin\" allowfullscreen>&lt;\/iframe><\/code><\/pre>\n\n\n\n<p class=\"wp-block-paragraph\">Son histoire avec l\u2019organisation a commenc\u00e9 en 2013, alors qu\u2019il faisait du porte-\u00e0-porte pendant une campagne \u00e9lectorale. \u00c0 l\u2019un des appartements, un cafard a ramp\u00e9 sur le cadre de la porte, juste \u00e0 hauteur des yeux. M.&nbsp;Hamon a sursaut\u00e9. La locataire n\u2019a pas r\u00e9agi&nbsp;: elle y \u00e9tait habitu\u00e9e. Ce moment lui a montr\u00e9 \u00e0 quel point on peut s\u2019habituer \u00e0 des conditions que personne ne devrait accepter, mais qu\u2019on accepte quand m\u00eame, quand on ne conna\u00eet pas ses droits ni vers qui se tourner. Deux&nbsp;ans plus tard, M.&nbsp;Hamon se joignait au <a href=\"https:\/\/genese.qc.ca\/fr\/\" target=\"_blank\" rel=\"noreferrer noopener\">Projet Gen\u00e8se<\/a> en tant que b\u00e9n\u00e9vole.<\/p>\n\n\n\n<p class=\"wp-block-paragraph\">\u00ab&nbsp;Je me suis dit que je pourrais peut-\u00eatre changer un peu la vie de certaines de ces personnes en faisant du porte-\u00e0-porte, et en leur faisant savoir qu\u2019il y a une organisation dans le quartier qui est l\u00e0 pour les aider si elles en ont besoin&nbsp;\u00bb, a-t-il d\u00e9clar\u00e9.<\/p>\n\n\n\n<p class=\"wp-block-paragraph\">C\u00f4te-des-Neiges est l\u2019un des quartiers les plus multiculturels du Canada, o\u00f9 vivent plus de 100&nbsp;000&nbsp;personnes issues de plus de 100&nbsp;communaut\u00e9s et groupes linguistiques diff\u00e9rents. Pr\u00e8s de 80&nbsp;% des habitants sont locataires, et de nombreux nouveaux arrivants doivent apprendre comment fonctionnent les syst\u00e8mes locaux de logement et les administrations publiques. Le Projet Gen\u00e8se les aide \u00e0 comprendre leurs options, \u00e0 acc\u00e9der \u00e0 de l\u2019aide et \u00e0 savoir qu\u2019ils ne sont pas oblig\u00e9s de tout g\u00e9rer seuls.<\/p>\n\n\n\n<p class=\"wp-block-paragraph\">Depuis pr\u00e8s de 50&nbsp;ans, le Projet Gen\u00e8se propose une aide gratuite et confidentielle pour toutes les questions li\u00e9es au logement et aux revenus, qu\u2019il s\u2019agisse de r\u00e9parations, d\u2019avis d\u2019expulsion, de pensions, d\u2019aide sociale ou de prestations familiales.<\/p>\n\n\n\n<figure class=\"wp-block-image size-full\"><img loading=\"lazy\" decoding=\"async\" width=\"890\" height=\"591\" src=\"https:\/\/www.realtorscare.ca\/wp-content\/uploads\/2026\/08\/E-Hamon-Outreach.png\" alt=\"\" class=\"wp-image-45125\" srcset=\"https:\/\/www.realtorscare.ca\/wp-content\/uploads\/2026\/08\/E-Hamon-Outreach.png 890w, https:\/\/www.realtorscare.ca\/wp-content\/uploads\/2026\/08\/E-Hamon-Outreach-768x510.png 768w, https:\/\/www.realtorscare.ca\/wp-content\/uploads\/2026\/08\/E-Hamon-Outreach-860x571.png 860w\" sizes=\"auto, (max-width: 890px) 100vw, 890px\" \/><\/figure>\n\n\n\n<p class=\"wp-block-paragraph\">En 2015, M.&nbsp;Hamon s\u2019est joint \u00e0 l\u2019\u00e9quipe sur le terrain, frappant \u00e0 des milliers de portes dans le quartier. Quand les habitants ouvraient la porte, il \u00e9coutait leurs pr\u00e9occupations concernant le logement, les revenus et l\u2019acc\u00e8s aux services. Parfois, il pouvait leur donner des conseils directement \u00e0 la porte. D\u2019autres fois, il les orientait vers le Centre de services individuels de l\u2019organisation pour obtenir des renseignements juridiques, un accompagnement et des orientations vers d\u2019autres services, comblant ainsi le foss\u00e9 entre les habitants et l\u2019aide disponible au sein du quartier. Le Centre, \u00e0 son tour, pouvait envoyer M.&nbsp;Hamon et d\u2019autres membres de l\u2019\u00e9quipe de terrain \u00e0 la rencontre des habitants inquiets et de leurs voisins.<\/p>\n\n\n\n<p class=\"wp-block-paragraph\">\u00ab&nbsp;Son travail \u00e9tait de rester \u00e0 l\u2019\u00e9coute de ce qui se passait, des probl\u00e8mes et des pr\u00e9occupations des habitants du quartier, a d\u00e9clar\u00e9 Gary&nbsp;Saxe, directeur g\u00e9n\u00e9ral du Projet Gen\u00e8se. C\u2019est comme \u00e7a qu\u2019il a commenc\u00e9, et \u00e0 partir de l\u00e0, il a tout simplement gravi les \u00e9chelons.&nbsp;\u00bb.<\/p>\n\n\n\n<p class=\"wp-block-paragraph\">En 2022, M.&nbsp;Hamon s\u2019est joint au conseil d\u2019administration, puis en est devenu le pr\u00e9sident l\u2019ann\u00e9e suivante. Son exp\u00e9rience en mati\u00e8re de sensibilisation et d\u2019organisation communautaire influence sa fa\u00e7on de s\u2019assurer que le personnel, les b\u00e9n\u00e9voles et les membres du conseil d\u2019administration aient leur mot \u00e0 dire dans les d\u00e9cisions de l\u2019organisation.<\/p>\n\n\n\n<figure class=\"wp-block-image size-full\"><img loading=\"lazy\" decoding=\"async\" width=\"890\" height=\"591\" src=\"https:\/\/www.realtorscare.ca\/wp-content\/uploads\/2026\/08\/E-Hamon-Advovacy.png\" alt=\"\" class=\"wp-image-45121\" srcset=\"https:\/\/www.realtorscare.ca\/wp-content\/uploads\/2026\/08\/E-Hamon-Advovacy.png 890w, https:\/\/www.realtorscare.ca\/wp-content\/uploads\/2026\/08\/E-Hamon-Advovacy-768x510.png 768w, https:\/\/www.realtorscare.ca\/wp-content\/uploads\/2026\/08\/E-Hamon-Advovacy-860x571.png 860w\" sizes=\"auto, (max-width: 890px) 100vw, 890px\" \/><\/figure>\n\n\n\n<p class=\"wp-block-paragraph\">\u00ab&nbsp;Les gens ont le sentiment de faire partie int\u00e9grante du processus de prise de d\u00e9cision et de ce qu\u2019on fait, et il y a beaucoup contribu\u00e9&nbsp;\u00bb, ajoute M.&nbsp;Saxe.<\/p>\n\n\n\n<p class=\"wp-block-paragraph\">En tant que pr\u00e9sident, M.&nbsp;Hamon appuie l\u2019action men\u00e9e par l\u2019organisation en faveur de mesures de soutien au revenu am\u00e9lior\u00e9es et d\u2019ajout de logements sociaux et communautaires&nbsp;: il prend la parole lors de rassemblements et collabore avec les autorit\u00e9s municipales et provinciales ainsi qu\u2019avec les conseillers municipaux pour trouver des solutions \u00e0 long terme \u00e0 la crise du logement.<\/p>\n\n\n\n<p class=\"wp-block-paragraph\">\u00ab&nbsp;Ils transmettent ce qu\u2019ils ont entendu sur le terrain \u00e0 leurs repr\u00e9sentants au conseil municipal, c\u2019est-\u00e0-dire nous, a d\u00e9clar\u00e9 Sonny&nbsp;Moroz, conseiller municipal du quartier Snowdon. Sans cette organisation \u00e0 C\u00f4te-des-Neiges, le conseil municipal manquerait sans doute d\u2019orientation sur les questions d\u2019accessibilit\u00e9 au logement et de pauvret\u00e9.&nbsp;\u00bb.<\/p>\n\n\n\n<p class=\"wp-block-paragraph\">M\u00eame s\u2019il s\u2019est beaucoup investi dans l\u2019organisation, son b\u00e9n\u00e9volat au sein du Projet Gen\u00e8se a aussi contribu\u00e9 \u00e0 fa\u00e7onner la mani\u00e8re dont M.&nbsp;Hamon aborde sa carri\u00e8re dans l\u2019immobilier.<\/p>\n\n\n\n<figure class=\"wp-block-image size-full\"><img loading=\"lazy\" decoding=\"async\" width=\"890\" height=\"591\" src=\"https:\/\/www.realtorscare.ca\/wp-content\/uploads\/2026\/08\/E-Hamon-Chair.png\" alt=\"\" class=\"wp-image-45123\" srcset=\"https:\/\/www.realtorscare.ca\/wp-content\/uploads\/2026\/08\/E-Hamon-Chair.png 890w, https:\/\/www.realtorscare.ca\/wp-content\/uploads\/2026\/08\/E-Hamon-Chair-768x510.png 768w, https:\/\/www.realtorscare.ca\/wp-content\/uploads\/2026\/08\/E-Hamon-Chair-860x571.png 860w\" sizes=\"auto, (max-width: 890px) 100vw, 890px\" \/><\/figure>\n\n\n\n<p class=\"wp-block-paragraph\">\u00ab&nbsp;\u00c7a m\u2019a rendu beaucoup plus attentif aux besoins des locataires, explique-t-il. Je n\u2019h\u00e9site pas \u00e0 leur dire qu\u2019ils ont des droits.&nbsp;\u00bb<\/p>\n\n\n\n<p class=\"wp-block-paragraph\">Ce qui a commenc\u00e9 par des discussions devant les portes d\u2019appartements s\u2019est transform\u00e9 en plus d\u2019une d\u00e9cennie d\u2019engagement, marqu\u00e9 par l\u2019\u00e9coute et la collaboration. Au c\u0153ur de son travail se trouve un engagement \u00e0 transmettre de l\u2019information, \u00e0 mettre les gens en contact avec des ressources de soutien et \u00e0 leur donner les connaissances n\u00e9cessaires pour agir.<\/p>\n\n\n\n<p class=\"wp-block-paragraph\">\u00ab&nbsp;On n\u2019arrive pas \u00e0 grand-chose sans le soutien de personnes qui partagent les m\u00eames id\u00e9es et qui travaillent ensemble vers un objectif commun, explique M.&nbsp;Hamon. C\u2019est un travail d\u2019\u00e9quipe.&nbsp;\u00bb<\/p>\n\n\n\n<hr class=\"wp-block-separator has-alpha-channel-opacity\"\/>\n\n\n\n<p class=\"wp-block-paragraph\"><em>La s\u00e9rie&nbsp;<a href=\"https:\/\/www.realtorscare.ca\/fr\/souslesprojecteurs\/\" target=\"_blank\" rel=\"noreferrer noopener\">Sous les projecteurs de REALTORS Care<\/a><sup>\u00ae<\/sup>&nbsp;racontent comment les candidats au&nbsp;<a href=\"https:\/\/www.realtorscare.ca\/fr\/a-propos-du-prix-canadien-realtors-care\/\" target=\"_blank\" rel=\"noreferrer noopener\">Prix canadien REALTORS Care<sup>\u00ae<\/sup><\/a>&nbsp;am\u00e9liorent la vie des membres de leur collectivit\u00e9.<\/em><\/p>\n","protected":false},"excerpt":{"rendered":"<p>Lorsqu\u2019ils entendent frapper \u00e0 la porte de leur appartement, les r\u00e9sidents ne s\u2019attendent pas \u00e0 voir un inconnu leur proposer une aide gratuite sur toutes sortes de sujets, qu\u2019il s\u2019agisse d\u2019augmentations de loyer, de conditions de vie insalubres ou encore de services publics. Mais c\u2019est exactement de cette fa\u00e7on que les b\u00e9n\u00e9voles du Projet Gen\u00e8se, &hellip; <a href=\"https:\/\/www.realtorscare.ca\/fr\/quebec\/sous-les-projecteurs-de-realtors-care-erik-hamon-donne-a-ses-voisins-montrealais-les-moyens-dagir\/\" class=\"more-link\">Continue reading <span class=\"screen-reader-text\">Sous les projecteurs de REALTORS Care\u00ae\u00a0: Erik\u00a0Hamon donne \u00e0 ses voisins montr\u00e9alais les moyens d\u2019agir<\/span><\/a><\/p>\n","protected":false},"author":125,"featured_media":45118,"comment_status":"closed","ping_status":"open","sticky":false,"template":"","format":"standard","meta":{"_acf_changed":false,"_editorskit_title_hidden":false,"_editorskit_reading_time":0,"_editorskit_is_block_options_detached":false,"_editorskit_block_options_position":"{}","footnotes":""},"categories":[2343],"tags":[2357],"class_list":["post-45128","post","type-post","status-publish","format-standard","has-post-thumbnail","hentry","category-quebec","tag-sidebar-fr"],"acf":[],"_links":{"self":[{"href":"https:\/\/www.realtorscare.ca\/fr\/wp-json\/wp\/v2\/posts\/45128","targetHints":{"allow":["GET"]}}],"collection":[{"href":"https:\/\/www.realtorscare.ca\/fr\/wp-json\/wp\/v2\/posts"}],"about":[{"href":"https:\/\/www.realtorscare.ca\/fr\/wp-json\/wp\/v2\/types\/post"}],"author":[{"embeddable":true,"href":"https:\/\/www.realtorscare.ca\/fr\/wp-json\/wp\/v2\/users\/125"}],"replies":[{"embeddable":true,"href":"https:\/\/www.realtorscare.ca\/fr\/wp-json\/wp\/v2\/comments?post=45128"}],"version-history":[{"count":2,"href":"https:\/\/www.realtorscare.ca\/fr\/wp-json\/wp\/v2\/posts\/45128\/revisions"}],"predecessor-version":[{"id":45156,"href":"https:\/\/www.realtorscare.ca\/fr\/wp-json\/wp\/v2\/posts\/45128\/revisions\/45156"}],"wp:featuredmedia":[{"embeddable":true,"href":"https:\/\/www.realtorscare.ca\/fr\/wp-json\/wp\/v2\/media\/45118"}],"wp:attachment":[{"href":"https:\/\/www.realtorscare.ca\/fr\/wp-json\/wp\/v2\/media?parent=45128"}],"wp:term":[{"taxonomy":"category","embeddable":true,"href":"https:\/\/www.realtorscare.ca\/fr\/wp-json\/wp\/v2\/categories?post=45128"},{"taxonomy":"post_tag","embeddable":true,"href":"https:\/\/www.realtorscare.ca\/fr\/wp-json\/wp\/v2\/tags?post=45128"}],"curies":[{"name":"wp","href":"https:\/\/api.w.org\/{rel}","templated":true}]}}